{"id":1831,"date":"2020-09-06T08:06:51","date_gmt":"2020-09-06T08:06:51","guid":{"rendered":"https:\/\/ugdymaslauke.lt\/?p=1831"},"modified":"2020-09-06T08:06:51","modified_gmt":"2020-09-06T08:06:51","slug":"pirma-higienos-pasa-veiklai-gavo-lauko-darzelis-ukmerges-rajone","status":"publish","type":"post","link":"https:\/\/ugdymaslauke.lt\/?p=1831","title":{"rendered":"Pirm\u0105 higienos pas\u0105 veiklai gavo lauko dar\u017eelis Ukmerg\u0117s rajone"},"content":{"rendered":"<p>Lauko dar\u017eeli\u0173 veikla Lietuvoje prasid\u0117jo 2014 m. \u0160iuo metu \u0161alyje veikia 13 lauko dar\u017eeli\u0173, kasmet susikuria 1-2 dar\u017eeliai, \u012fkurta l<a href=\"https:\/\/ugdymaslauke.lt\/\">auko dar\u017eeli\u0173 asociacija<\/a>, sudaryta galimyb\u0117 oficialiai studijuoti lauko pedagogik\u0105 gaunant ikimokyklinio ugdymo pedagogo kvalifikacij\u0105 Vilniaus kolegijoje.<\/p>\n<p><img loading=\"lazy\" decoding=\"async\" class=\" wp-image-26053 alignleft\" src=\"https:\/\/www.sveikuoliai.lt\/wp-content\/uploads\/2020\/09\/IMG_1843-scaled-e1599215176831-400x341.jpg\" sizes=\"(max-width: 267px) 100vw, 267px\" srcset=\"https:\/\/www.sveikuoliai.lt\/wp-content\/uploads\/2020\/09\/IMG_1843-scaled-e1599215176831-400x341.jpg 400w, https:\/\/www.sveikuoliai.lt\/wp-content\/uploads\/2020\/09\/IMG_1843-scaled-e1599215176831-1024x872.jpg 1024w, https:\/\/www.sveikuoliai.lt\/wp-content\/uploads\/2020\/09\/IMG_1843-scaled-e1599215176831-768x654.jpg 768w, https:\/\/www.sveikuoliai.lt\/wp-content\/uploads\/2020\/09\/IMG_1843-scaled-e1599215176831-1536x1308.jpg 1536w, https:\/\/www.sveikuoliai.lt\/wp-content\/uploads\/2020\/09\/IMG_1843-scaled-e1599215176831-500x426.jpg 500w, https:\/\/www.sveikuoliai.lt\/wp-content\/uploads\/2020\/09\/IMG_1843-scaled-e1599215176831.jpg 1548w\" alt=\"\" width=\"267\" height=\"227\" \/>\u201cEsame labai d\u0117kingi sveikatos apsaugos ministrui Aurelijui Verygai, kuris prie\u0161 keturis metus palaik\u0117 Lietuvos sveikuoli\u0173 s\u0105jungos pra\u0161ym\u0105 reglamentuoti lauko dar\u017eeli\u0173 veikl\u0105 taip, kad jie tur\u0117t\u0173 lygiavertes galimybes ir teises veikti kartu su kitomis ugdymo \u012fstaigomis. Procesas nebuvo greitas, ta\u010diau rezultatai akivaizd\u016bs ir lauko dar\u017eelis Ukmerg\u0117s rajone \u201cV\u0117jo \u0161alies vaikai\u201d savo rankose jau laiko higienos pas\u0105. Lauko dar\u017eeli\u0173 veiklos reglamentavimas \u2013 svarbus \u017eingsnis palaikant sveikos gyvensenos id\u0117jas \u0161alyje\u201d, \u2013 sako Lietuvos sveikuoli\u0173 s\u0105jungos viceprezident\u0117 Sigita Kriau\u010di\u016bnien\u0117.<\/p>\n<p><img loading=\"lazy\" decoding=\"async\" class=\" wp-image-13846 alignleft\" src=\"https:\/\/www.sveikuoliai.lt\/wp-content\/uploads\/2017\/04\/%C5%BEilvinss-karpis-400x400.jpg\" sizes=\"(max-width: 273px) 100vw, 273px\" srcset=\"https:\/\/www.sveikuoliai.lt\/wp-content\/uploads\/2017\/04\/\u017eilvinss-karpis-400x400.jpg 400w, https:\/\/www.sveikuoliai.lt\/wp-content\/uploads\/2017\/04\/\u017eilvinss-karpis-150x150.jpg 150w, https:\/\/www.sveikuoliai.lt\/wp-content\/uploads\/2017\/04\/\u017eilvinss-karpis-768x768.jpg 768w, https:\/\/www.sveikuoliai.lt\/wp-content\/uploads\/2017\/04\/\u017eilvinss-karpis-696x696.jpg 696w, https:\/\/www.sveikuoliai.lt\/wp-content\/uploads\/2017\/04\/\u017eilvinss-karpis.jpg 932w\" alt=\"\" width=\"273\" height=\"273\" \/>Pirmojo\u00a0<a href=\"https:\/\/laukodarzelis.lt\/\">lauko dar\u017eelio<\/a>\u00a0\u012fk\u016br\u0117jas, keturi\u0173 vaik\u0173 t\u0117tis \u017dilvinas Karpis akcentuoja, kad teis\u0117s aktuose jau seniai viskas gra\u017eiai sura\u0161yta apie nevar\u017eom\u0105, laisv\u0105 ir kuo ilgesn\u012f vaiko \u017eaidim\u0105 gryname ore, lauke ta\u010diau praktikoje vis dar to n\u0117ra. Tai lieka tik sistemos deklaracijomis. Tradiciniai dar\u017eeliai nesp\u0117ja keistis, atliepti vis labiau augan\u010dio t\u0117v\u0173 poreikio auginti vaikus sveikiau, gryname ore, leid\u017eiant pa\u017einti gamt\u0105 ir joje viekian\u010dius d\u0117snius.<\/p>\n<p>\u201cGalima kaltinti sistem\u0105, jos bej\u0117gi\u0161kum\u0105, ta\u010diau galima imti ir daryti ka\u017ek\u0105 patiems t\u0117vams, \u0161eimoms. \u0160iuo metu \u0161alyje yra 13 veikian\u010di\u0173 lauko dar\u017eeli\u0173, dar pora kuriasi Jonavoje ir Kelm\u0117s rajone. Aktualus klausimas yra tinkami pedagogai, nes tradicinis pedagoginis po\u017ei\u016bris, kur\u012f i\u0161ugdo sistema, lauko dar\u017eeliuose netinka. \u0160iuo metu vienintelis pasirinkimas Lietuvoje ir vienintel\u0117 galimyb\u0117 gauti lauko pedagogui reikaling\u0173 \u017eini\u0173 yra Vilniaus kolegijoje, kur oficialiai galima studijuoti lauko pedagogik\u0105\u201d, \u2013 sako Lietuvos sveikuoli\u0173 s\u0105jungos valdybos narys \u017d. Karpis.<\/p>\n<p><img loading=\"lazy\" decoding=\"async\" class=\" wp-image-26054 alignleft\" src=\"https:\/\/www.sveikuoliai.lt\/wp-content\/uploads\/2020\/09\/zivile-400x400.jpg\" sizes=\"(max-width: 176px) 100vw, 176px\" srcset=\"https:\/\/www.sveikuoliai.lt\/wp-content\/uploads\/2020\/09\/zivile-400x400.jpg 400w, https:\/\/www.sveikuoliai.lt\/wp-content\/uploads\/2020\/09\/zivile-150x150.jpg 150w, https:\/\/www.sveikuoliai.lt\/wp-content\/uploads\/2020\/09\/zivile-100x100.jpg 100w, https:\/\/www.sveikuoliai.lt\/wp-content\/uploads\/2020\/09\/zivile.jpg 440w\" alt=\"\" width=\"176\" height=\"176\" \/>\u201cPrad\u017eia visuomet labai neai\u0161ki ir nesaugi, nes poreikis ir ai\u0161kumas, kaip turi augti vaikas ir kaip jis turi b\u016bti ugdomas yra, o ugdymo \u012fstaig\u0173, atitinkan\u010di\u0173 tokius poreikius, aplink n\u0117ra. Savivaldybi\u0173 \u0161vietimo skyriams tokios inciatyvos irgi neai\u0161kios, ta\u010diau t\u0117v\u0173 bendruomen\u0117s da\u017eniausiai geranori\u0161kai palaikomos\u201d, \u2013 sako viena i\u0161\u00a0<a href=\"https:\/\/www.facebook.com\/vejosaliesvaikai\">Ukmerg\u0117s lauko dar\u017eelio \u201cV\u0117jo \u0161alies vaikai\u201d<\/a>\u00a0\u012fk\u016br\u0117j\u0173 \u017divil\u0117 Drag\u016bn\u0117.<\/p>\n<p>&nbsp;<\/p>\n<p>Kaip ir dalis kit\u0173 lauko dar\u017eeli\u0173,\u00a0<a href=\"https:\/\/laukodarzelis.lt\/\">V\u0161\u012e \u201cLauko dar\u017eelis\u201d<\/a>\u00a0taip pat kreip\u0117si \u012f Visuomen\u0117s sveikatos centr\u0105 d\u0117l Higienos paso i\u0161davimo lauko dar\u017eeliui Kaune, Lamp\u0117d\u017eiuose. \u017dilvinas Karpis, 3 lauko dar\u017eeli\u0173 \u012fk\u016br\u0117jas, pripa\u017e\u012fsta, kad veiklos prad\u017eioje net nedr\u012fso svajoti apie toki\u0105 galimyb\u0119, o kai dokumentas jau buvo svarstomas LR Seime, tokiu \u012fvykiu d\u017eiaug\u0117si dar nedr\u0105siai.<\/p>\n<p><a href=\"http:\/\/gamtosdarzelis.lt\/\"><img loading=\"lazy\" decoding=\"async\" class=\" wp-image-18122 alignleft\" src=\"https:\/\/www.sveikuoliai.lt\/wp-content\/uploads\/2018\/09\/juozas-dapsauskas-400x267.jpg\" sizes=\"(max-width: 310px) 100vw, 310px\" srcset=\"https:\/\/www.sveikuoliai.lt\/wp-content\/uploads\/2018\/09\/juozas-dapsauskas-400x267.jpg 400w, https:\/\/www.sveikuoliai.lt\/wp-content\/uploads\/2018\/09\/juozas-dapsauskas-768x512.jpg 768w, https:\/\/www.sveikuoliai.lt\/wp-content\/uploads\/2018\/09\/juozas-dapsauskas-1024x683.jpg 1024w, https:\/\/www.sveikuoliai.lt\/wp-content\/uploads\/2018\/09\/juozas-dapsauskas-696x464.jpg 696w, https:\/\/www.sveikuoliai.lt\/wp-content\/uploads\/2018\/09\/juozas-dapsauskas-1068x712.jpg 1068w\" alt=\"\" width=\"310\" height=\"207\" \/>Gamtos dar\u017eelio \u201cPo smilgom\u201d<\/a>\u00a0Vilniuje bendrak\u016br\u0117jas Juozas Dap\u0161auskas pabr\u0117\u017eia, kad kiekvienas lauko dar\u017eelis yra labai skirtingas, tod\u0117l patikrinim\u0173 metu nei\u0161vengiama nesusipratim\u0173. \u201cJei gamtos dar\u017eelis \u012fsik\u016br\u0119s kaime, kur naudojamas \u0161ulinio vanduo, reikalauti vandens tyrimo yra suprantamas argumentas. Ta\u010diau mieste \u012fsik\u016brusiems gamtos dar\u017eeliams reikalavimai kas du metus tikrinti vandentiekio vandens kokyb\u0119 atrodo perteklinis, nes gyventojams tiekiamas vanduo i\u0161 \u010diaupo ir taip yra tikrinamas ir saugus. Kart\u0105 buvo pareikalauta garso tyrimo i\u0161 dar\u017eelio, kuris veikl\u0105 vykdo mi\u0161ke. Nesupratome, kod\u0117l turime matuoti pauk\u0161\u010diuk\u0173 \u010diulb\u0117jimo ir lap\u0173 \u0161nar\u0117jimo sukeliam\u0105 gars\u0105. Tai papildomos i\u0161laidos visoms toki\u0105 veikl\u0105 vykdan\u010dioms organizacijoms\u201d, \u2013 sako trij\u0173 vaik\u0173 t\u0117tis.<\/p>\n<p><img loading=\"lazy\" decoding=\"async\" class=\" wp-image-26059 alignleft\" src=\"https:\/\/www.sveikuoliai.lt\/wp-content\/uploads\/2020\/09\/dovile_urbanaviciene1-266x400.jpg\" sizes=\"(max-width: 223px) 100vw, 223px\" srcset=\"https:\/\/www.sveikuoliai.lt\/wp-content\/uploads\/2020\/09\/dovile_urbanaviciene1-266x400.jpg 266w, https:\/\/www.sveikuoliai.lt\/wp-content\/uploads\/2020\/09\/dovile_urbanaviciene1-682x1024.jpg 682w, https:\/\/www.sveikuoliai.lt\/wp-content\/uploads\/2020\/09\/dovile_urbanaviciene1-768x1154.jpg 768w, https:\/\/www.sveikuoliai.lt\/wp-content\/uploads\/2020\/09\/dovile_urbanaviciene1-1022x1536.jpg 1022w, https:\/\/www.sveikuoliai.lt\/wp-content\/uploads\/2020\/09\/dovile_urbanaviciene1-500x751.jpg 500w, https:\/\/www.sveikuoliai.lt\/wp-content\/uploads\/2020\/09\/dovile_urbanaviciene1.jpg 1363w\" alt=\"\" width=\"223\" height=\"335\" \/>Dovil\u0117 Urbanavi\u010dien\u0117,\u00a0<a href=\"http:\/\/misko-darzelis.lt\/\">Klaip\u0117dos \u201cMi\u0161ko m<\/a>okyklos\u201d vadov\u0117 antrina, kad valstybini\u0173 institucij\u0173 ir lauko dar\u017eeli\u0173 filosofijos vis dar prasilenkia d\u0117l \u017eaidim\u0173 \u012frengini\u0173 vertinim\u0173. \u201cVaik\u0173 \u017eaidimo aik\u0161tel\u0117s turi b\u016bti sertifikuotos. Tuo tarpu lauko dar\u017eeli\u0173 \u017eaidimo aik\u0161tel\u0117s yra i\u0161 gamtini\u0173 element\u0173: rast\u0173, kelm\u0173, \u0161ak\u0173, akmen\u0173, nestadartiniai \u012frangos sprendimai da\u017enai yra sukurti ir pastatyti pa\u010di\u0173 t\u0117v\u0173. Tarkime, namelis medyje jau yra traktuojamas kaip \u012franga arba padarytos supyn\u0117s be atram\u0173. Lauko dar\u017eeli\u0173 veikloje tokia \u012franga yra labai svarbi, nes \u010dia keliami tikslai stambiajai motorikai vystyti. Suptis supyn\u0117se be atram\u0173 ir su atramomis yra did\u017eiulis skirtumas. Sertifikat\u0173 tokia \u012franga neturi ir netur\u0117s, tod\u0117l vertinim\u0173 metu norisi supratimo, kad t\u0117vai s\u0105moningai renkasi tokius dar\u017eelius, patys imasi atsakomyb\u0117s u\u017e tai, kokia \u012franga ir kaip naudojasi j\u0173 vaikai lauko dar\u017eelyje\u201d, \u2013 patirtimi dalijasi moteris.<\/p>\n","protected":false},"excerpt":{"rendered":"<p>Lauko dar\u017eeli\u0173 veikla Lietuvoje prasid\u0117jo 2014 m. \u0160iuo metu \u0161alyje veikia 13 lauko dar\u017eeli\u0173, kasmet susikuria 1-2 dar\u017eeliai, \u012fkurta lauko dar\u017eeli\u0173 asociacija, sudaryta galimyb\u0117 oficialiai studijuoti lauko pedagogik\u0105 gaunant ikimokyklinio ugdymo pedagogo kvalifikacij\u0105 Vilniaus kolegijoje. \u201cEsame labai d\u0117kingi sveikatos apsaugos ministrui Aurelijui Verygai, kuris prie\u0161 keturis metus palaik\u0117 Lietuvos sveikuoli\u0173 s\u0105jungos pra\u0161ym\u0105 reglamentuoti lauko dar\u017eeli\u0173 [&hellip;]<\/p>\n","protected":false},"author":1,"featured_media":1340,"comment_status":"open","ping_status":"open","sticky":false,"template":"","format":"standard","meta":{"jetpack_post_was_ever_published":false,"_jetpack_newsletter_access":"","_jetpack_dont_email_post_to_subs":false,"_jetpack_newsletter_tier_id":0,"_jetpack_memberships_contains_paywalled_content":false,"_jetpack_memberships_contains_paid_content":false,"footnotes":"","jetpack_publicize_message":"","jetpack_publicize_feature_enabled":true,"jetpack_social_post_already_shared":true,"jetpack_social_options":{"image_generator_settings":{"template":"highway","enabled":false}}},"categories":[1],"tags":[],"jetpack_publicize_connections":[],"jetpack_featured_media_url":"https:\/\/ugdymaslauke.lt\/wp-content\/uploads\/2017\/10\/Slide27.jpg","jetpack_sharing_enabled":true,"jetpack_shortlink":"https:\/\/wp.me\/p71AQ4-tx","jetpack-related-posts":[],"jetpack_likes_enabled":true,"_links":{"self":[{"href":"https:\/\/ugdymaslauke.lt\/index.php?rest_route=\/wp\/v2\/posts\/1831"}],"collection":[{"href":"https:\/\/ugdymaslauke.lt\/index.php?rest_route=\/wp\/v2\/posts"}],"about":[{"href":"https:\/\/ugdymaslauke.lt\/index.php?rest_route=\/wp\/v2\/types\/post"}],"author":[{"embeddable":true,"href":"https:\/\/ugdymaslauke.lt\/index.php?rest_route=\/wp\/v2\/users\/1"}],"replies":[{"embeddable":true,"href":"https:\/\/ugdymaslauke.lt\/index.php?rest_route=%2Fwp%2Fv2%2Fcomments&post=1831"}],"version-history":[{"count":1,"href":"https:\/\/ugdymaslauke.lt\/index.php?rest_route=\/wp\/v2\/posts\/1831\/revisions"}],"predecessor-version":[{"id":1832,"href":"https:\/\/ugdymaslauke.lt\/index.php?rest_route=\/wp\/v2\/posts\/1831\/revisions\/1832"}],"wp:featuredmedia":[{"embeddable":true,"href":"https:\/\/ugdymaslauke.lt\/index.php?rest_route=\/wp\/v2\/media\/1340"}],"wp:attachment":[{"href":"https:\/\/ugdymaslauke.lt\/index.php?rest_route=%2Fwp%2Fv2%2Fmedia&parent=1831"}],"wp:term":[{"taxonomy":"category","embeddable":true,"href":"https:\/\/ugdymaslauke.lt\/index.php?rest_route=%2Fwp%2Fv2%2Fcategories&post=1831"},{"taxonomy":"post_tag","embeddable":true,"href":"https:\/\/ugdymaslauke.lt\/index.php?rest_route=%2Fwp%2Fv2%2Ftags&post=1831"}],"curies":[{"name":"wp","href":"https:\/\/api.w.org\/{rel}","templated":true}]}}